{"id":1548,"date":"2020-06-21T10:24:45","date_gmt":"2020-06-21T08:24:45","guid":{"rendered":"http:\/\/lartdececilia.art\/?p=1548"},"modified":"2020-10-28T16:25:27","modified_gmt":"2020-10-28T15:25:27","slug":"information-ii","status":"publish","type":"post","link":"https:\/\/www.lartdececilia.ovh\/index.php\/2020\/06\/21\/information-ii\/","title":{"rendered":"Information II"},"content":{"rendered":"\n<figure class=\"wp-block-gallery columns-1 is-cropped wp-block-gallery-1 is-layout-flex wp-block-gallery-is-layout-flex\"><ul class=\"blocks-gallery-grid\"><li class=\"blocks-gallery-item\"><figure><img loading=\"lazy\" decoding=\"async\" width=\"1024\" height=\"768\" src=\"https:\/\/lartdececilia.art\/wp-content\/uploads\/2018\/10\/IMG_0071-1024x768.jpg\" alt=\"\" data-id=\"1249\" data-full-url=\"https:\/\/lartdececilia.art\/wp-content\/uploads\/2018\/10\/IMG_0071.jpg\" data-link=\"https:\/\/lartdececilia.art\/index.php\/2018\/10\/06\/vente-de-mes-travaux-manuels\/img_0071\/\" class=\"wp-image-1249\" srcset=\"https:\/\/www.lartdececilia.ovh\/wp-content\/uploads\/2018\/10\/IMG_0071-1024x768.jpg 1024w, https:\/\/www.lartdececilia.ovh\/wp-content\/uploads\/2018\/10\/IMG_0071-300x225.jpg 300w, https:\/\/www.lartdececilia.ovh\/wp-content\/uploads\/2018\/10\/IMG_0071-768x576.jpg 768w, https:\/\/www.lartdececilia.ovh\/wp-content\/uploads\/2018\/10\/IMG_0071-1536x1152.jpg 1536w, https:\/\/www.lartdececilia.ovh\/wp-content\/uploads\/2018\/10\/IMG_0071-2048x1536.jpg 2048w, https:\/\/www.lartdececilia.ovh\/wp-content\/uploads\/2018\/10\/IMG_0071-1140x855.jpg 1140w\" sizes=\"auto, (max-width: 1024px) 100vw, 1024px\" \/><\/figure><\/li><\/ul><\/figure>\n\n\n\n<p><span class=\"has-inline-color has-vivid-red-color\"><em>B<\/em>o<em>njour! <\/em><\/span><\/p>\n\n\n\n<p><span class=\"has-inline-color has-vivid-red-color\">C<em>&lsquo;est avec plaisir que, je viens vous informer que se d\u00e9roule une autre exposition de mes tableaux \u00e0 L&rsquo;Entretemps &#8211; Bar Associatif Culturel sans Alcool, 13 rue Dubou\u00e9, 64000 Pau. Ce sont des tableaux avec la Technique de Serviettage sur Toile que, vous pouvez voir jusqu&rsquo;\u00e0 le 30 Juin 2020 avec les horaires suivants:<\/em> <\/span><\/p>\n\n\n\n<p><span class=\"has-inline-color has-vivid-red-color\"><em>Ouverture au Public &#8211; Du mardi au jeudi de 13h \u00e0 19h30, le vendredi de 9h30 \u00e0 16h30, le samedi de 14h30 \u00e0 22h et le dimanche de 13h \u00e0 19h30<\/em>. <em>Fermeture <\/em>&#8211; <em>Le lundi et un week-end par mois.<\/em><\/span><span class=\"has-inline-color has-pale-pink-color\"> <\/span><\/p>\n\n\n\n<p class=\"has-text-align-right\"><span class=\"has-inline-color has-vivid-red-color\">C\u00e9cilia SERRA<\/span><\/p>\n","protected":false},"excerpt":{"rendered":"<p>Bonjour! C&lsquo;est avec plaisir que, je viens vous informer que se d\u00e9roule une autre exposition de mes tableaux \u00e0 L&rsquo;Entretemps &#8211; Bar Associatif Culturel sans Alcool, 13 rue Dubou\u00e9, 64000 Pau. Ce sont des tableaux avec la Technique de Serviettage sur Toile que, vous pouvez voir jusqu&rsquo;\u00e0 le 30 Juin 2020 avec les horaires suivants: Ouverture au Public &#8211; Du mardi au jeudi de 13h \u00e0 19h30, le vendredi de 9h30 \u00e0 16h30, le samedi de 14h30 \u00e0 22h et le dimanche de 13h \u00e0 19h30. Fermeture &#8211; Le lundi et un week-end par mois. C\u00e9cilia SERRA<\/p>\n","protected":false},"author":1,"featured_media":0,"comment_status":"open","ping_status":"open","sticky":false,"template":"","format":"standard","meta":{"footnotes":""},"categories":[46],"tags":[],"class_list":["post-1548","post","type-post","status-publish","format-standard","hentry","category-infos"],"acf":[],"_links":{"self":[{"href":"https:\/\/www.lartdececilia.ovh\/index.php\/wp-json\/wp\/v2\/posts\/1548","targetHints":{"allow":["GET"]}}],"collection":[{"href":"https:\/\/www.lartdececilia.ovh\/index.php\/wp-json\/wp\/v2\/posts"}],"about":[{"href":"https:\/\/www.lartdececilia.ovh\/index.php\/wp-json\/wp\/v2\/types\/post"}],"author":[{"embeddable":true,"href":"https:\/\/www.lartdececilia.ovh\/index.php\/wp-json\/wp\/v2\/users\/1"}],"replies":[{"embeddable":true,"href":"https:\/\/www.lartdececilia.ovh\/index.php\/wp-json\/wp\/v2\/comments?post=1548"}],"version-history":[{"count":15,"href":"https:\/\/www.lartdececilia.ovh\/index.php\/wp-json\/wp\/v2\/posts\/1548\/revisions"}],"predecessor-version":[{"id":1950,"href":"https:\/\/www.lartdececilia.ovh\/index.php\/wp-json\/wp\/v2\/posts\/1548\/revisions\/1950"}],"wp:attachment":[{"href":"https:\/\/www.lartdececilia.ovh\/index.php\/wp-json\/wp\/v2\/media?parent=1548"}],"wp:term":[{"taxonomy":"category","embeddable":true,"href":"https:\/\/www.lartdececilia.ovh\/index.php\/wp-json\/wp\/v2\/categories?post=1548"},{"taxonomy":"post_tag","embeddable":true,"href":"https:\/\/www.lartdececilia.ovh\/index.php\/wp-json\/wp\/v2\/tags?post=1548"}],"curies":[{"name":"wp","href":"https:\/\/api.w.org\/{rel}","templated":true}]}}