{"id":2359,"date":"2021-01-18T16:38:23","date_gmt":"2021-01-18T15:38:23","guid":{"rendered":"https:\/\/lartdececilia.art\/?p=2359"},"modified":"2021-01-24T21:27:25","modified_gmt":"2021-01-24T20:27:25","slug":"fleur-estivale-splendide","status":"publish","type":"post","link":"https:\/\/www.lartdececilia.ovh\/index.php\/2021\/01\/18\/fleur-estivale-splendide\/","title":{"rendered":"Fleur Estivale Splendide"},"content":{"rendered":"\n<p>La marguerite est consid\u00e9r\u00e9e comme un porte-bonheur et elle est associ\u00e9e \u00e0 la joie. Celle-ci est une fleur estivale splendide, associ\u00e9e aussi aux plaisirs de l&rsquo;\u00e9t\u00e9. Sa beaut\u00e9 et sa blancheur est particuli\u00e8rement mise en valeur sur un arri\u00e8re-plan fonc\u00e9.<\/p>\n\n\n\n<p><\/p>\n\n\n\n<figure class=\"wp-block-image size-large\"><img loading=\"lazy\" decoding=\"async\" width=\"1024\" height=\"768\" src=\"https:\/\/lartdececilia.art\/wp-content\/uploads\/2021\/01\/Quadro-33-1024x768.jpg\" alt=\"\" class=\"wp-image-2360\" srcset=\"https:\/\/www.lartdececilia.ovh\/wp-content\/uploads\/2021\/01\/Quadro-33-1024x768.jpg 1024w, https:\/\/www.lartdececilia.ovh\/wp-content\/uploads\/2021\/01\/Quadro-33-300x225.jpg 300w, https:\/\/www.lartdececilia.ovh\/wp-content\/uploads\/2021\/01\/Quadro-33-768x576.jpg 768w, https:\/\/www.lartdececilia.ovh\/wp-content\/uploads\/2021\/01\/Quadro-33-1536x1152.jpg 1536w, https:\/\/www.lartdececilia.ovh\/wp-content\/uploads\/2021\/01\/Quadro-33-2048x1536.jpg 2048w, https:\/\/www.lartdececilia.ovh\/wp-content\/uploads\/2021\/01\/Quadro-33-1140x855.jpg 1140w\" sizes=\"auto, (max-width: 1024px) 100vw, 1024px\" \/><\/figure>\n","protected":false},"excerpt":{"rendered":"<p>La marguerite est consid\u00e9r\u00e9e comme un porte-bonheur et elle est associ\u00e9e \u00e0 la joie. Celle-ci est une fleur estivale splendide, associ\u00e9e aussi aux plaisirs de l&rsquo;\u00e9t\u00e9. Sa beaut\u00e9 et sa blancheur est particuli\u00e8rement mise en valeur sur un arri\u00e8re-plan fonc\u00e9.<\/p>\n","protected":false},"author":1,"featured_media":0,"comment_status":"open","ping_status":"open","sticky":false,"template":"","format":"standard","meta":{"footnotes":""},"categories":[28],"tags":[13],"class_list":["post-2359","post","type-post","status-publish","format-standard","hentry","category-peinture-a-lhuille","tag-tableaux"],"acf":[],"_links":{"self":[{"href":"https:\/\/www.lartdececilia.ovh\/index.php\/wp-json\/wp\/v2\/posts\/2359","targetHints":{"allow":["GET"]}}],"collection":[{"href":"https:\/\/www.lartdececilia.ovh\/index.php\/wp-json\/wp\/v2\/posts"}],"about":[{"href":"https:\/\/www.lartdececilia.ovh\/index.php\/wp-json\/wp\/v2\/types\/post"}],"author":[{"embeddable":true,"href":"https:\/\/www.lartdececilia.ovh\/index.php\/wp-json\/wp\/v2\/users\/1"}],"replies":[{"embeddable":true,"href":"https:\/\/www.lartdececilia.ovh\/index.php\/wp-json\/wp\/v2\/comments?post=2359"}],"version-history":[{"count":2,"href":"https:\/\/www.lartdececilia.ovh\/index.php\/wp-json\/wp\/v2\/posts\/2359\/revisions"}],"predecessor-version":[{"id":2375,"href":"https:\/\/www.lartdececilia.ovh\/index.php\/wp-json\/wp\/v2\/posts\/2359\/revisions\/2375"}],"wp:attachment":[{"href":"https:\/\/www.lartdececilia.ovh\/index.php\/wp-json\/wp\/v2\/media?parent=2359"}],"wp:term":[{"taxonomy":"category","embeddable":true,"href":"https:\/\/www.lartdececilia.ovh\/index.php\/wp-json\/wp\/v2\/categories?post=2359"},{"taxonomy":"post_tag","embeddable":true,"href":"https:\/\/www.lartdececilia.ovh\/index.php\/wp-json\/wp\/v2\/tags?post=2359"}],"curies":[{"name":"wp","href":"https:\/\/api.w.org\/{rel}","templated":true}]}}