{"id":2868,"date":"2022-02-04T21:48:05","date_gmt":"2022-02-04T20:48:05","guid":{"rendered":"https:\/\/www.lartdececilia.art\/?p=2868"},"modified":"2022-02-04T21:52:26","modified_gmt":"2022-02-04T20:52:26","slug":"point-de-croix-3","status":"publish","type":"post","link":"https:\/\/www.lartdececilia.ovh\/index.php\/2022\/02\/04\/point-de-croix-3\/","title":{"rendered":"Point de Croix"},"content":{"rendered":"\n<p>Une biche, un lapin, un rat et un \u00e9cureuil, ce sont les animaux repr\u00e9sent\u00e9s dans cet ouvrage et, aussi, son joli sapin au milieu dans celui-ci et ses diff\u00e9rentes \u00e9toiles. C&rsquo;est un tableau avec le th\u00e8me de No\u00ebl \u00e0 accrocher sur un mur dans la salle de s\u00e9jour ou dans la salle \u00e0 manger et\/ou, aussi, dans un couloir d&rsquo;une maison, appartement ou dans un \u00e9tablissement. <\/p>\n\n\n\n<p>La toile blanche, repr\u00e9sentant la neige, et le fil rouge (couleur principale des v\u00eatements du P\u00e8re No\u00ebl), ce sont deux couleurs que font ressortir tr\u00e8s bien la magie de No\u00ebl dans ce bel ouvrage.<\/p>\n\n\n\n<p><\/p>\n\n\n\n<figure class=\"wp-block-image size-large\"><img loading=\"lazy\" decoding=\"async\" width=\"768\" height=\"1024\" src=\"https:\/\/www.lartdececilia.art\/wp-content\/uploads\/2022\/02\/IMG_1192-768x1024.jpg\" alt=\"\" class=\"wp-image-2871\" srcset=\"https:\/\/www.lartdececilia.ovh\/wp-content\/uploads\/2022\/02\/IMG_1192-768x1024.jpg 768w, https:\/\/www.lartdececilia.ovh\/wp-content\/uploads\/2022\/02\/IMG_1192-225x300.jpg 225w, https:\/\/www.lartdececilia.ovh\/wp-content\/uploads\/2022\/02\/IMG_1192-1152x1536.jpg 1152w, https:\/\/www.lartdececilia.ovh\/wp-content\/uploads\/2022\/02\/IMG_1192-1536x2048.jpg 1536w, https:\/\/www.lartdececilia.ovh\/wp-content\/uploads\/2022\/02\/IMG_1192-1140x1520.jpg 1140w, https:\/\/www.lartdececilia.ovh\/wp-content\/uploads\/2022\/02\/IMG_1192-scaled.jpg 1920w\" sizes=\"auto, (max-width: 768px) 100vw, 768px\" \/><\/figure>\n","protected":false},"excerpt":{"rendered":"<p>Une biche, un lapin, un rat et un \u00e9cureuil, ce sont les animaux repr\u00e9sent\u00e9s dans cet ouvrage et, aussi, son joli sapin au milieu dans celui-ci et ses diff\u00e9rentes \u00e9toiles. C&rsquo;est un tableau avec le th\u00e8me de No\u00ebl \u00e0 accrocher sur un mur dans la salle de s\u00e9jour ou dans la salle \u00e0 manger et\/ou, aussi, dans un couloir d&rsquo;une maison, appartement ou dans un \u00e9tablissement. La toile blanche, repr\u00e9sentant la neige, et le fil rouge (couleur principale des v\u00eatements du P\u00e8re No\u00ebl), ce sont deux couleurs que font ressortir tr\u00e8s bien la magie de No\u00ebl dans ce bel ouvrage.<\/p>\n","protected":false},"author":1,"featured_media":0,"comment_status":"closed","ping_status":"open","sticky":false,"template":"","format":"standard","meta":{"footnotes":""},"categories":[27],"tags":[36],"class_list":["post-2868","post","type-post","status-publish","format-standard","hentry","category-point-de-croix","tag-point-de-croix"],"acf":[],"_links":{"self":[{"href":"https:\/\/www.lartdececilia.ovh\/index.php\/wp-json\/wp\/v2\/posts\/2868","targetHints":{"allow":["GET"]}}],"collection":[{"href":"https:\/\/www.lartdececilia.ovh\/index.php\/wp-json\/wp\/v2\/posts"}],"about":[{"href":"https:\/\/www.lartdececilia.ovh\/index.php\/wp-json\/wp\/v2\/types\/post"}],"author":[{"embeddable":true,"href":"https:\/\/www.lartdececilia.ovh\/index.php\/wp-json\/wp\/v2\/users\/1"}],"replies":[{"embeddable":true,"href":"https:\/\/www.lartdececilia.ovh\/index.php\/wp-json\/wp\/v2\/comments?post=2868"}],"version-history":[{"count":2,"href":"https:\/\/www.lartdececilia.ovh\/index.php\/wp-json\/wp\/v2\/posts\/2868\/revisions"}],"predecessor-version":[{"id":2872,"href":"https:\/\/www.lartdececilia.ovh\/index.php\/wp-json\/wp\/v2\/posts\/2868\/revisions\/2872"}],"wp:attachment":[{"href":"https:\/\/www.lartdececilia.ovh\/index.php\/wp-json\/wp\/v2\/media?parent=2868"}],"wp:term":[{"taxonomy":"category","embeddable":true,"href":"https:\/\/www.lartdececilia.ovh\/index.php\/wp-json\/wp\/v2\/categories?post=2868"},{"taxonomy":"post_tag","embeddable":true,"href":"https:\/\/www.lartdececilia.ovh\/index.php\/wp-json\/wp\/v2\/tags?post=2868"}],"curies":[{"name":"wp","href":"https:\/\/api.w.org\/{rel}","templated":true}]}}