{"id":5235,"date":"2025-02-27T21:47:48","date_gmt":"2025-02-27T20:47:48","guid":{"rendered":"https:\/\/www.lartdececilia.ovh\/?p=5235"},"modified":"2025-02-27T22:46:04","modified_gmt":"2025-02-27T21:46:04","slug":"fevrier-2025","status":"publish","type":"post","link":"https:\/\/www.lartdececilia.ovh\/index.php\/2025\/02\/27\/fevrier-2025\/","title":{"rendered":"Mon Jardin"},"content":{"rendered":"\n<h2 class=\"wp-block-heading has-text-align-center\"><strong>Fin<\/strong> <strong><mark style=\"background-color:rgba(0, 0, 0, 0)\" class=\"has-inline-color has-black-color\">F\u00e9vrier 2025<\/mark><\/strong><\/h2>\n\n\n\n<h3 class=\"wp-block-heading has-very-light-gray-to-cyan-bluish-gray-gradient-background has-text-color has-background has-link-color wp-elements-68e4524ab2308eca9a1e7cba15e0ea55\" style=\"color:#f43d6b\"><mark style=\"background-color:rgba(0, 0, 0, 0);color:#f6416e\" class=\"has-inline-color\">Le jardinage c&rsquo;est un autre occupation pour moi. J&rsquo;aime voir toutes les fleurs, apr\u00e8s la p\u00e9riode de mettre des bulbes dans les pots au mois de Septembre. <\/mark><\/h3>\n\n\n\n<h3 class=\"wp-block-heading has-very-light-gray-to-cyan-bluish-gray-gradient-background has-text-color has-background has-link-color wp-elements-210781b5d72066066eb01605d2ed3074\" style=\"color:#f43d6b\"><mark style=\"background-color:rgba(0, 0, 0, 0);color:#f6416e\" class=\"has-inline-color\">Le Printemps commence \u00e0 arriver \u00e0 petits pas dans mon jardin. Voici quelques fleurs d\u00e9j\u00e0 dans mon coin pr\u00e9f\u00e9r\u00e9:<\/mark><\/h3>\n\n\n<div class=\"wp-block-image\">\n<figure class=\"aligncenter size-full\"><img loading=\"lazy\" decoding=\"async\" width=\"2560\" height=\"1920\" src=\"https:\/\/www.lartdececilia.ovh\/wp-content\/uploads\/2025\/02\/IMG_4218-scaled.jpg\" alt=\"\" class=\"wp-image-5236\" srcset=\"https:\/\/www.lartdececilia.ovh\/wp-content\/uploads\/2025\/02\/IMG_4218-scaled.jpg 2560w, https:\/\/www.lartdececilia.ovh\/wp-content\/uploads\/2025\/02\/IMG_4218-300x225.jpg 300w, https:\/\/www.lartdececilia.ovh\/wp-content\/uploads\/2025\/02\/IMG_4218-1024x768.jpg 1024w, https:\/\/www.lartdececilia.ovh\/wp-content\/uploads\/2025\/02\/IMG_4218-768x576.jpg 768w, https:\/\/www.lartdececilia.ovh\/wp-content\/uploads\/2025\/02\/IMG_4218-1536x1152.jpg 1536w, https:\/\/www.lartdececilia.ovh\/wp-content\/uploads\/2025\/02\/IMG_4218-2048x1536.jpg 2048w, https:\/\/www.lartdececilia.ovh\/wp-content\/uploads\/2025\/02\/IMG_4218-1140x855.jpg 1140w\" sizes=\"auto, (max-width: 2560px) 100vw, 2560px\" \/><\/figure>\n<\/div>\n\n\n<figure class=\"wp-block-pullquote\"><blockquote><p><\/p><\/blockquote><\/figure>\n\n\n<div class=\"wp-block-image\">\n<figure class=\"aligncenter size-large\"><img loading=\"lazy\" decoding=\"async\" width=\"1024\" height=\"768\" src=\"https:\/\/www.lartdececilia.ovh\/wp-content\/uploads\/2025\/02\/IMG_4219-1024x768.jpg\" alt=\"\" class=\"wp-image-5239\" srcset=\"https:\/\/www.lartdececilia.ovh\/wp-content\/uploads\/2025\/02\/IMG_4219-1024x768.jpg 1024w, https:\/\/www.lartdececilia.ovh\/wp-content\/uploads\/2025\/02\/IMG_4219-300x225.jpg 300w, https:\/\/www.lartdececilia.ovh\/wp-content\/uploads\/2025\/02\/IMG_4219-768x576.jpg 768w, https:\/\/www.lartdececilia.ovh\/wp-content\/uploads\/2025\/02\/IMG_4219-1536x1152.jpg 1536w, https:\/\/www.lartdececilia.ovh\/wp-content\/uploads\/2025\/02\/IMG_4219-2048x1536.jpg 2048w, https:\/\/www.lartdececilia.ovh\/wp-content\/uploads\/2025\/02\/IMG_4219-1140x855.jpg 1140w\" sizes=\"auto, (max-width: 1024px) 100vw, 1024px\" \/><\/figure>\n<\/div>\n\n\n<figure class=\"wp-block-pullquote\"><blockquote><p><\/p><\/blockquote><\/figure>\n\n\n<div class=\"wp-block-image\">\n<figure class=\"aligncenter size-large\"><img loading=\"lazy\" decoding=\"async\" width=\"768\" height=\"1024\" src=\"https:\/\/www.lartdececilia.ovh\/wp-content\/uploads\/2025\/02\/IMG_4224-768x1024.jpg\" alt=\"\" class=\"wp-image-5240\" srcset=\"https:\/\/www.lartdececilia.ovh\/wp-content\/uploads\/2025\/02\/IMG_4224-768x1024.jpg 768w, https:\/\/www.lartdececilia.ovh\/wp-content\/uploads\/2025\/02\/IMG_4224-225x300.jpg 225w, https:\/\/www.lartdececilia.ovh\/wp-content\/uploads\/2025\/02\/IMG_4224-1152x1536.jpg 1152w, https:\/\/www.lartdececilia.ovh\/wp-content\/uploads\/2025\/02\/IMG_4224-1536x2048.jpg 1536w, https:\/\/www.lartdececilia.ovh\/wp-content\/uploads\/2025\/02\/IMG_4224-1140x1520.jpg 1140w, https:\/\/www.lartdececilia.ovh\/wp-content\/uploads\/2025\/02\/IMG_4224-scaled.jpg 1920w\" sizes=\"auto, (max-width: 768px) 100vw, 768px\" \/><\/figure>\n<\/div>\n\n\n<figure class=\"wp-block-pullquote\"><blockquote><p><\/p><\/blockquote><\/figure>\n\n\n<div class=\"wp-block-image\">\n<figure class=\"aligncenter size-large\"><img loading=\"lazy\" decoding=\"async\" width=\"1024\" height=\"768\" src=\"https:\/\/www.lartdececilia.ovh\/wp-content\/uploads\/2025\/02\/IMG_4227-1024x768.jpg\" alt=\"\" class=\"wp-image-5241\" srcset=\"https:\/\/www.lartdececilia.ovh\/wp-content\/uploads\/2025\/02\/IMG_4227-1024x768.jpg 1024w, https:\/\/www.lartdececilia.ovh\/wp-content\/uploads\/2025\/02\/IMG_4227-300x225.jpg 300w, https:\/\/www.lartdececilia.ovh\/wp-content\/uploads\/2025\/02\/IMG_4227-768x576.jpg 768w, https:\/\/www.lartdececilia.ovh\/wp-content\/uploads\/2025\/02\/IMG_4227-1536x1152.jpg 1536w, https:\/\/www.lartdececilia.ovh\/wp-content\/uploads\/2025\/02\/IMG_4227-2048x1536.jpg 2048w, https:\/\/www.lartdececilia.ovh\/wp-content\/uploads\/2025\/02\/IMG_4227-1140x855.jpg 1140w\" sizes=\"auto, (max-width: 1024px) 100vw, 1024px\" \/><\/figure>\n<\/div>\n\n\n<figure class=\"wp-block-pullquote\"><blockquote><p><\/p><\/blockquote><\/figure>\n\n\n<div class=\"wp-block-image\">\n<figure class=\"aligncenter size-large\"><img loading=\"lazy\" decoding=\"async\" width=\"768\" height=\"1024\" src=\"https:\/\/www.lartdececilia.ovh\/wp-content\/uploads\/2025\/02\/IMG_4236-768x1024.jpg\" alt=\"\" class=\"wp-image-5242\" srcset=\"https:\/\/www.lartdececilia.ovh\/wp-content\/uploads\/2025\/02\/IMG_4236-768x1024.jpg 768w, https:\/\/www.lartdececilia.ovh\/wp-content\/uploads\/2025\/02\/IMG_4236-225x300.jpg 225w, https:\/\/www.lartdececilia.ovh\/wp-content\/uploads\/2025\/02\/IMG_4236-1152x1536.jpg 1152w, https:\/\/www.lartdececilia.ovh\/wp-content\/uploads\/2025\/02\/IMG_4236-1536x2048.jpg 1536w, https:\/\/www.lartdececilia.ovh\/wp-content\/uploads\/2025\/02\/IMG_4236-1140x1520.jpg 1140w, https:\/\/www.lartdececilia.ovh\/wp-content\/uploads\/2025\/02\/IMG_4236-scaled.jpg 1920w\" sizes=\"auto, (max-width: 768px) 100vw, 768px\" \/><\/figure>\n<\/div>\n\n\n<figure class=\"wp-block-pullquote\"><blockquote><p><\/p><\/blockquote><\/figure>\n\n\n<div class=\"wp-block-image\">\n<figure class=\"aligncenter size-large\"><img loading=\"lazy\" decoding=\"async\" width=\"768\" height=\"1024\" src=\"https:\/\/www.lartdececilia.ovh\/wp-content\/uploads\/2025\/02\/IMG_4237-768x1024.jpg\" alt=\"\" class=\"wp-image-5243\" srcset=\"https:\/\/www.lartdececilia.ovh\/wp-content\/uploads\/2025\/02\/IMG_4237-768x1024.jpg 768w, https:\/\/www.lartdececilia.ovh\/wp-content\/uploads\/2025\/02\/IMG_4237-225x300.jpg 225w, https:\/\/www.lartdececilia.ovh\/wp-content\/uploads\/2025\/02\/IMG_4237-1152x1536.jpg 1152w, https:\/\/www.lartdececilia.ovh\/wp-content\/uploads\/2025\/02\/IMG_4237-1536x2048.jpg 1536w, https:\/\/www.lartdececilia.ovh\/wp-content\/uploads\/2025\/02\/IMG_4237-1140x1520.jpg 1140w, https:\/\/www.lartdececilia.ovh\/wp-content\/uploads\/2025\/02\/IMG_4237-scaled.jpg 1920w\" sizes=\"auto, (max-width: 768px) 100vw, 768px\" \/><\/figure>\n<\/div>\n\n\n<figure class=\"wp-block-pullquote\"><blockquote><p><\/p><\/blockquote><\/figure>\n\n\n<div class=\"wp-block-image\">\n<figure class=\"aligncenter size-large\"><img loading=\"lazy\" decoding=\"async\" width=\"768\" height=\"1024\" src=\"https:\/\/www.lartdececilia.ovh\/wp-content\/uploads\/2025\/02\/IMG_4243-768x1024.jpg\" alt=\"\" class=\"wp-image-5245\" srcset=\"https:\/\/www.lartdececilia.ovh\/wp-content\/uploads\/2025\/02\/IMG_4243-768x1024.jpg 768w, https:\/\/www.lartdececilia.ovh\/wp-content\/uploads\/2025\/02\/IMG_4243-225x300.jpg 225w, https:\/\/www.lartdececilia.ovh\/wp-content\/uploads\/2025\/02\/IMG_4243-1152x1536.jpg 1152w, https:\/\/www.lartdececilia.ovh\/wp-content\/uploads\/2025\/02\/IMG_4243-1536x2048.jpg 1536w, https:\/\/www.lartdececilia.ovh\/wp-content\/uploads\/2025\/02\/IMG_4243-1140x1520.jpg 1140w, https:\/\/www.lartdececilia.ovh\/wp-content\/uploads\/2025\/02\/IMG_4243-scaled.jpg 1920w\" sizes=\"auto, (max-width: 768px) 100vw, 768px\" \/><\/figure>\n<\/div>\n\n\n<figure class=\"wp-block-pullquote\"><blockquote><p><\/p><\/blockquote><\/figure>\n\n\n<div class=\"wp-block-image\">\n<figure class=\"aligncenter size-large\"><img loading=\"lazy\" decoding=\"async\" width=\"768\" height=\"1024\" src=\"https:\/\/www.lartdececilia.ovh\/wp-content\/uploads\/2025\/02\/IMG_4244-1-768x1024.jpg\" alt=\"\" class=\"wp-image-5246\" srcset=\"https:\/\/www.lartdececilia.ovh\/wp-content\/uploads\/2025\/02\/IMG_4244-1-768x1024.jpg 768w, https:\/\/www.lartdececilia.ovh\/wp-content\/uploads\/2025\/02\/IMG_4244-1-225x300.jpg 225w, https:\/\/www.lartdececilia.ovh\/wp-content\/uploads\/2025\/02\/IMG_4244-1-1152x1536.jpg 1152w, https:\/\/www.lartdececilia.ovh\/wp-content\/uploads\/2025\/02\/IMG_4244-1-1536x2048.jpg 1536w, https:\/\/www.lartdececilia.ovh\/wp-content\/uploads\/2025\/02\/IMG_4244-1-1140x1520.jpg 1140w, https:\/\/www.lartdececilia.ovh\/wp-content\/uploads\/2025\/02\/IMG_4244-1-scaled.jpg 1920w\" sizes=\"auto, (max-width: 768px) 100vw, 768px\" \/><\/figure>\n<\/div>\n\n\n<figure class=\"wp-block-pullquote\"><blockquote><p><\/p><\/blockquote><\/figure>\n\n\n<div class=\"wp-block-image\">\n<figure class=\"aligncenter size-large\"><img loading=\"lazy\" decoding=\"async\" width=\"768\" height=\"1024\" src=\"https:\/\/www.lartdececilia.ovh\/wp-content\/uploads\/2025\/02\/IMG_4245-768x1024.jpg\" alt=\"\" class=\"wp-image-5247\" srcset=\"https:\/\/www.lartdececilia.ovh\/wp-content\/uploads\/2025\/02\/IMG_4245-768x1024.jpg 768w, https:\/\/www.lartdececilia.ovh\/wp-content\/uploads\/2025\/02\/IMG_4245-225x300.jpg 225w, https:\/\/www.lartdececilia.ovh\/wp-content\/uploads\/2025\/02\/IMG_4245-1152x1536.jpg 1152w, https:\/\/www.lartdececilia.ovh\/wp-content\/uploads\/2025\/02\/IMG_4245-1536x2048.jpg 1536w, https:\/\/www.lartdececilia.ovh\/wp-content\/uploads\/2025\/02\/IMG_4245-1140x1520.jpg 1140w, https:\/\/www.lartdececilia.ovh\/wp-content\/uploads\/2025\/02\/IMG_4245-scaled.jpg 1920w\" sizes=\"auto, (max-width: 768px) 100vw, 768px\" \/><\/figure>\n<\/div>","protected":false},"excerpt":{"rendered":"<p>Fin F\u00e9vrier 2025 Le jardinage c&rsquo;est un autre occupation pour moi. J&rsquo;aime voir toutes les fleurs, apr\u00e8s la p\u00e9riode de mettre des bulbes dans les pots au mois de Septembre. Le Printemps commence \u00e0 arriver \u00e0 petits pas dans mon jardin. Voici quelques fleurs d\u00e9j\u00e0 dans mon coin pr\u00e9f\u00e9r\u00e9:<\/p>\n","protected":false},"author":1,"featured_media":0,"comment_status":"closed","ping_status":"closed","sticky":false,"template":"","format":"standard","meta":{"footnotes":""},"categories":[69],"tags":[68],"class_list":["post-5235","post","type-post","status-publish","format-standard","hentry","category-jardinage","tag-jardinage"],"acf":[],"_links":{"self":[{"href":"https:\/\/www.lartdececilia.ovh\/index.php\/wp-json\/wp\/v2\/posts\/5235","targetHints":{"allow":["GET"]}}],"collection":[{"href":"https:\/\/www.lartdececilia.ovh\/index.php\/wp-json\/wp\/v2\/posts"}],"about":[{"href":"https:\/\/www.lartdececilia.ovh\/index.php\/wp-json\/wp\/v2\/types\/post"}],"author":[{"embeddable":true,"href":"https:\/\/www.lartdececilia.ovh\/index.php\/wp-json\/wp\/v2\/users\/1"}],"replies":[{"embeddable":true,"href":"https:\/\/www.lartdececilia.ovh\/index.php\/wp-json\/wp\/v2\/comments?post=5235"}],"version-history":[{"count":6,"href":"https:\/\/www.lartdececilia.ovh\/index.php\/wp-json\/wp\/v2\/posts\/5235\/revisions"}],"predecessor-version":[{"id":5255,"href":"https:\/\/www.lartdececilia.ovh\/index.php\/wp-json\/wp\/v2\/posts\/5235\/revisions\/5255"}],"wp:attachment":[{"href":"https:\/\/www.lartdececilia.ovh\/index.php\/wp-json\/wp\/v2\/media?parent=5235"}],"wp:term":[{"taxonomy":"category","embeddable":true,"href":"https:\/\/www.lartdececilia.ovh\/index.php\/wp-json\/wp\/v2\/categories?post=5235"},{"taxonomy":"post_tag","embeddable":true,"href":"https:\/\/www.lartdececilia.ovh\/index.php\/wp-json\/wp\/v2\/tags?post=5235"}],"curies":[{"name":"wp","href":"https:\/\/api.w.org\/{rel}","templated":true}]}}