{"id":5377,"date":"2025-04-29T08:57:38","date_gmt":"2025-04-29T06:57:38","guid":{"rendered":"https:\/\/www.lartdececilia.ovh\/?p=5377"},"modified":"2025-04-29T09:23:08","modified_gmt":"2025-04-29T07:23:08","slug":"fleurs-de-mon-jardin-fin-avril-2025","status":"publish","type":"post","link":"https:\/\/www.lartdececilia.ovh\/index.php\/2025\/04\/29\/fleurs-de-mon-jardin-fin-avril-2025\/","title":{"rendered":"Fleurs de mon jardin &#8211; Fin Avril 2025"},"content":{"rendered":"\n<h2 class=\"wp-block-heading has-background\" style=\"background-color:#f8efb5\">Voici quelques fleurs de mon jardin en fin Avril. Il y a d\u00e9j\u00e0 des roses parfum\u00e9es grimpantes.<\/h2>\n\n\n<div class=\"wp-block-image is-style-rounded\">\n<figure class=\"aligncenter size-large\"><img loading=\"lazy\" decoding=\"async\" width=\"1024\" height=\"768\" src=\"https:\/\/www.lartdececilia.ovh\/wp-content\/uploads\/2025\/04\/IMG_4365-1024x768.jpg\" alt=\"\" class=\"wp-image-5378\" srcset=\"https:\/\/www.lartdececilia.ovh\/wp-content\/uploads\/2025\/04\/IMG_4365-1024x768.jpg 1024w, https:\/\/www.lartdececilia.ovh\/wp-content\/uploads\/2025\/04\/IMG_4365-300x225.jpg 300w, https:\/\/www.lartdececilia.ovh\/wp-content\/uploads\/2025\/04\/IMG_4365-768x576.jpg 768w, https:\/\/www.lartdececilia.ovh\/wp-content\/uploads\/2025\/04\/IMG_4365-1536x1152.jpg 1536w, https:\/\/www.lartdececilia.ovh\/wp-content\/uploads\/2025\/04\/IMG_4365-2048x1536.jpg 2048w, https:\/\/www.lartdececilia.ovh\/wp-content\/uploads\/2025\/04\/IMG_4365-1140x855.jpg 1140w\" sizes=\"auto, (max-width: 1024px) 100vw, 1024px\" \/><\/figure>\n<\/div>\n\n\n<figure class=\"wp-block-pullquote\"><blockquote><p><\/p><\/blockquote><\/figure>\n\n\n<div class=\"wp-block-image is-style-rounded\">\n<figure class=\"aligncenter size-large\"><img loading=\"lazy\" decoding=\"async\" width=\"1024\" height=\"768\" src=\"https:\/\/www.lartdececilia.ovh\/wp-content\/uploads\/2025\/04\/IMG_4371-1024x768.jpg\" alt=\"\" class=\"wp-image-5382\" srcset=\"https:\/\/www.lartdececilia.ovh\/wp-content\/uploads\/2025\/04\/IMG_4371-1024x768.jpg 1024w, https:\/\/www.lartdececilia.ovh\/wp-content\/uploads\/2025\/04\/IMG_4371-300x225.jpg 300w, https:\/\/www.lartdececilia.ovh\/wp-content\/uploads\/2025\/04\/IMG_4371-768x576.jpg 768w, https:\/\/www.lartdececilia.ovh\/wp-content\/uploads\/2025\/04\/IMG_4371-1536x1152.jpg 1536w, https:\/\/www.lartdececilia.ovh\/wp-content\/uploads\/2025\/04\/IMG_4371-2048x1536.jpg 2048w, https:\/\/www.lartdececilia.ovh\/wp-content\/uploads\/2025\/04\/IMG_4371-1140x855.jpg 1140w\" sizes=\"auto, (max-width: 1024px) 100vw, 1024px\" \/><\/figure>\n<\/div>\n\n\n<figure class=\"wp-block-pullquote\"><blockquote><p><\/p><\/blockquote><\/figure>\n\n\n<div class=\"wp-block-image is-style-rounded\">\n<figure class=\"aligncenter size-large\"><img loading=\"lazy\" decoding=\"async\" width=\"1024\" height=\"768\" src=\"https:\/\/www.lartdececilia.ovh\/wp-content\/uploads\/2025\/04\/IMG_4383-1024x768.jpg\" alt=\"\" class=\"wp-image-5384\" srcset=\"https:\/\/www.lartdececilia.ovh\/wp-content\/uploads\/2025\/04\/IMG_4383-1024x768.jpg 1024w, https:\/\/www.lartdececilia.ovh\/wp-content\/uploads\/2025\/04\/IMG_4383-300x225.jpg 300w, https:\/\/www.lartdececilia.ovh\/wp-content\/uploads\/2025\/04\/IMG_4383-768x576.jpg 768w, https:\/\/www.lartdececilia.ovh\/wp-content\/uploads\/2025\/04\/IMG_4383-1536x1152.jpg 1536w, https:\/\/www.lartdececilia.ovh\/wp-content\/uploads\/2025\/04\/IMG_4383-2048x1536.jpg 2048w, https:\/\/www.lartdececilia.ovh\/wp-content\/uploads\/2025\/04\/IMG_4383-1140x855.jpg 1140w\" sizes=\"auto, (max-width: 1024px) 100vw, 1024px\" \/><\/figure>\n<\/div>\n\n\n<figure class=\"wp-block-pullquote\"><blockquote><p><\/p><\/blockquote><\/figure>\n\n\n<div class=\"wp-block-image is-style-rounded\">\n<figure class=\"aligncenter size-large\"><img loading=\"lazy\" decoding=\"async\" width=\"1024\" height=\"768\" src=\"https:\/\/www.lartdececilia.ovh\/wp-content\/uploads\/2025\/04\/IMG_4364-1024x768.jpg\" alt=\"\" class=\"wp-image-5385\" srcset=\"https:\/\/www.lartdececilia.ovh\/wp-content\/uploads\/2025\/04\/IMG_4364-1024x768.jpg 1024w, https:\/\/www.lartdececilia.ovh\/wp-content\/uploads\/2025\/04\/IMG_4364-300x225.jpg 300w, https:\/\/www.lartdececilia.ovh\/wp-content\/uploads\/2025\/04\/IMG_4364-768x576.jpg 768w, https:\/\/www.lartdececilia.ovh\/wp-content\/uploads\/2025\/04\/IMG_4364-1536x1152.jpg 1536w, https:\/\/www.lartdececilia.ovh\/wp-content\/uploads\/2025\/04\/IMG_4364-2048x1536.jpg 2048w, https:\/\/www.lartdececilia.ovh\/wp-content\/uploads\/2025\/04\/IMG_4364-1140x855.jpg 1140w\" sizes=\"auto, (max-width: 1024px) 100vw, 1024px\" \/><\/figure>\n<\/div>\n\n\n<figure class=\"wp-block-pullquote\"><blockquote><p><\/p><\/blockquote><\/figure>\n\n\n<div class=\"wp-block-image is-style-rounded\">\n<figure class=\"aligncenter size-large\"><img loading=\"lazy\" decoding=\"async\" width=\"1024\" height=\"768\" src=\"https:\/\/www.lartdececilia.ovh\/wp-content\/uploads\/2025\/04\/IMG_4374-1024x768.jpg\" alt=\"\" class=\"wp-image-5386\" srcset=\"https:\/\/www.lartdececilia.ovh\/wp-content\/uploads\/2025\/04\/IMG_4374-1024x768.jpg 1024w, https:\/\/www.lartdececilia.ovh\/wp-content\/uploads\/2025\/04\/IMG_4374-300x225.jpg 300w, https:\/\/www.lartdececilia.ovh\/wp-content\/uploads\/2025\/04\/IMG_4374-768x576.jpg 768w, https:\/\/www.lartdececilia.ovh\/wp-content\/uploads\/2025\/04\/IMG_4374-1536x1152.jpg 1536w, https:\/\/www.lartdececilia.ovh\/wp-content\/uploads\/2025\/04\/IMG_4374-2048x1536.jpg 2048w, https:\/\/www.lartdececilia.ovh\/wp-content\/uploads\/2025\/04\/IMG_4374-1140x855.jpg 1140w\" sizes=\"auto, (max-width: 1024px) 100vw, 1024px\" \/><\/figure>\n<\/div>\n\n\n<figure class=\"wp-block-pullquote\"><blockquote><p><\/p><\/blockquote><\/figure>\n\n\n<div class=\"wp-block-image is-style-rounded\">\n<figure class=\"aligncenter size-large\"><img loading=\"lazy\" decoding=\"async\" width=\"1024\" height=\"768\" src=\"https:\/\/www.lartdececilia.ovh\/wp-content\/uploads\/2025\/04\/IMG_4382-1024x768.jpg\" alt=\"\" class=\"wp-image-5387\" srcset=\"https:\/\/www.lartdececilia.ovh\/wp-content\/uploads\/2025\/04\/IMG_4382-1024x768.jpg 1024w, https:\/\/www.lartdececilia.ovh\/wp-content\/uploads\/2025\/04\/IMG_4382-300x225.jpg 300w, https:\/\/www.lartdececilia.ovh\/wp-content\/uploads\/2025\/04\/IMG_4382-768x576.jpg 768w, https:\/\/www.lartdececilia.ovh\/wp-content\/uploads\/2025\/04\/IMG_4382-1536x1152.jpg 1536w, https:\/\/www.lartdececilia.ovh\/wp-content\/uploads\/2025\/04\/IMG_4382-2048x1536.jpg 2048w, https:\/\/www.lartdececilia.ovh\/wp-content\/uploads\/2025\/04\/IMG_4382-1140x855.jpg 1140w\" sizes=\"auto, (max-width: 1024px) 100vw, 1024px\" \/><\/figure>\n<\/div>\n\n\n<figure class=\"wp-block-pullquote\"><blockquote><p><\/p><\/blockquote><\/figure>\n\n\n<div class=\"wp-block-image is-style-rounded\">\n<figure class=\"aligncenter size-large\"><img loading=\"lazy\" decoding=\"async\" width=\"1024\" height=\"768\" src=\"https:\/\/www.lartdececilia.ovh\/wp-content\/uploads\/2025\/04\/IMG_4376-1024x768.jpg\" alt=\"\" class=\"wp-image-5388\" srcset=\"https:\/\/www.lartdececilia.ovh\/wp-content\/uploads\/2025\/04\/IMG_4376-1024x768.jpg 1024w, https:\/\/www.lartdececilia.ovh\/wp-content\/uploads\/2025\/04\/IMG_4376-300x225.jpg 300w, https:\/\/www.lartdececilia.ovh\/wp-content\/uploads\/2025\/04\/IMG_4376-768x576.jpg 768w, https:\/\/www.lartdececilia.ovh\/wp-content\/uploads\/2025\/04\/IMG_4376-1536x1152.jpg 1536w, https:\/\/www.lartdececilia.ovh\/wp-content\/uploads\/2025\/04\/IMG_4376-2048x1536.jpg 2048w, https:\/\/www.lartdececilia.ovh\/wp-content\/uploads\/2025\/04\/IMG_4376-1140x855.jpg 1140w\" sizes=\"auto, (max-width: 1024px) 100vw, 1024px\" \/><\/figure>\n<\/div>\n\n\n<figure class=\"wp-block-pullquote\"><blockquote><p><\/p><\/blockquote><\/figure>\n\n\n<div class=\"wp-block-image is-style-rounded\">\n<figure class=\"aligncenter size-large\"><img loading=\"lazy\" decoding=\"async\" width=\"1024\" height=\"768\" src=\"https:\/\/www.lartdececilia.ovh\/wp-content\/uploads\/2025\/04\/IMG_4378-1024x768.jpg\" alt=\"\" class=\"wp-image-5389\" srcset=\"https:\/\/www.lartdececilia.ovh\/wp-content\/uploads\/2025\/04\/IMG_4378-1024x768.jpg 1024w, https:\/\/www.lartdececilia.ovh\/wp-content\/uploads\/2025\/04\/IMG_4378-300x225.jpg 300w, https:\/\/www.lartdececilia.ovh\/wp-content\/uploads\/2025\/04\/IMG_4378-768x576.jpg 768w, https:\/\/www.lartdececilia.ovh\/wp-content\/uploads\/2025\/04\/IMG_4378-1536x1152.jpg 1536w, https:\/\/www.lartdececilia.ovh\/wp-content\/uploads\/2025\/04\/IMG_4378-2048x1536.jpg 2048w, https:\/\/www.lartdececilia.ovh\/wp-content\/uploads\/2025\/04\/IMG_4378-1140x855.jpg 1140w\" sizes=\"auto, (max-width: 1024px) 100vw, 1024px\" \/><\/figure>\n<\/div>","protected":false},"excerpt":{"rendered":"<p>Voici quelques fleurs de mon jardin en fin Avril. Il y a d\u00e9j\u00e0 des roses parfum\u00e9es grimpantes.<\/p>\n","protected":false},"author":1,"featured_media":0,"comment_status":"closed","ping_status":"closed","sticky":false,"template":"","format":"standard","meta":{"footnotes":""},"categories":[69],"tags":[68],"class_list":["post-5377","post","type-post","status-publish","format-standard","hentry","category-jardinage","tag-jardinage"],"acf":[],"_links":{"self":[{"href":"https:\/\/www.lartdececilia.ovh\/index.php\/wp-json\/wp\/v2\/posts\/5377","targetHints":{"allow":["GET"]}}],"collection":[{"href":"https:\/\/www.lartdececilia.ovh\/index.php\/wp-json\/wp\/v2\/posts"}],"about":[{"href":"https:\/\/www.lartdececilia.ovh\/index.php\/wp-json\/wp\/v2\/types\/post"}],"author":[{"embeddable":true,"href":"https:\/\/www.lartdececilia.ovh\/index.php\/wp-json\/wp\/v2\/users\/1"}],"replies":[{"embeddable":true,"href":"https:\/\/www.lartdececilia.ovh\/index.php\/wp-json\/wp\/v2\/comments?post=5377"}],"version-history":[{"count":5,"href":"https:\/\/www.lartdececilia.ovh\/index.php\/wp-json\/wp\/v2\/posts\/5377\/revisions"}],"predecessor-version":[{"id":5395,"href":"https:\/\/www.lartdececilia.ovh\/index.php\/wp-json\/wp\/v2\/posts\/5377\/revisions\/5395"}],"wp:attachment":[{"href":"https:\/\/www.lartdececilia.ovh\/index.php\/wp-json\/wp\/v2\/media?parent=5377"}],"wp:term":[{"taxonomy":"category","embeddable":true,"href":"https:\/\/www.lartdececilia.ovh\/index.php\/wp-json\/wp\/v2\/categories?post=5377"},{"taxonomy":"post_tag","embeddable":true,"href":"https:\/\/www.lartdececilia.ovh\/index.php\/wp-json\/wp\/v2\/tags?post=5377"}],"curies":[{"name":"wp","href":"https:\/\/api.w.org\/{rel}","templated":true}]}}